{"id":17624,"date":"2023-08-08T10:30:41","date_gmt":"2023-08-08T14:30:41","guid":{"rendered":"https:\/\/www.expo-wppmtl.ca\/le-photographe-laureat-mhammed-kilito-sera-a-montreal-fin-aout-pour-lancer-la-16e-edition\/"},"modified":"2023-09-05T18:21:27","modified_gmt":"2023-09-05T22:21:27","slug":"le-photographe-laureat-jonathan-fontaine-sera-a-montreal-fin-aout-pour-lancer-l-a-16e-edition","status":"publish","type":"post","link":"https:\/\/www.expo-wppmtl.ca\/en\/le-photographe-laureat-jonathan-fontaine-sera-a-montreal-fin-aout-pour-lancer-l-a-16e-edition\/","title":{"rendered":"PHOTOGRAPHER JONATHAN FONTAINE IN MONTREAL TO LAUNCH EXHIBITION\u2019S 16TH YEAR"},"content":{"rendered":"<div id=\"cmsmasters_row_rlmk0tagrb\" class=\"cmsmasters_row cmsmasters_color_scheme_default cmsmasters_row_top_default cmsmasters_row_bot_default cmsmasters_row_boxed\">\n<div class=\"cmsmasters_row_outer_parent\">\n<div class=\"cmsmasters_row_outer\">\n<div class=\"cmsmasters_row_inner\">\n<div class=\"cmsmasters_row_margin\">\n<div id=\"cmsmasters_column_0ql2bo3seg\" class=\"cmsmasters_column one_first\">\n<div class=\"cmsmasters_column_inner\"><div class=\"cmsmasters_text\">\n<p class=\"western\" align=\"center\"><span style=\"font-size: large;\"><span lang=\"en-US\"><b>World Press Photo Montreal exhibition<\/b><\/span><\/span><\/p>\n<p class=\"western\" align=\"center\"><span style=\"font-size: large;\"><span lang=\"en-US\"><b>at Bonsecours Market from August\u00a030 to October\u00a015, 2023<\/b><\/span><\/span><\/p>\n<p class=\"western\" align=\"center\"><span style=\"font-size: large;\"><span lang=\"en-US\"><b>Photographer Jonathan Fontaine in Montreal to launch exhibition\u2019s 16th year<\/b><\/span><\/span><\/p>\n<p>&nbsp;<\/p>\n<p><strong>Montreal, August\u00a09, 2023\u2014<\/strong> The <strong>World Press Photo Montreal exhibition team<\/strong> announces that photographer <strong>Jonathan Fontaine<\/strong>, honoured by the World Press Photo jury for his series entitled <strong>The Nomad\u2019s Final Journey<\/strong>, will be in Montreal to launch the event\u2019s 16th year, to be held at <strong>Bonsecours Market from August\u00a030 to October\u00a015.<\/strong><\/p>\n<p>Alongside the winning photographs, <strong>Magalie L\u00e9pine-Blondeau<\/strong>, spokesperson for the 2023 exhibition, will present her carte blanche commission entitled <strong><em>Ailleurs (Elsewhere)<\/em><\/strong>. Photographer <strong>Justine Latour<\/strong> will present an accompanying exhibition, <em><strong>Lire entre les lignes (Reading Between the Lines)<\/strong><\/em>. For the first time, the World Press Photo Montreal exhibition will present the finalists for the<strong> Antoine Desilets award<\/strong> of the F\u00e9d\u00e9ration professionnelle des journalistes du Qu\u00e9bec (FPJQ). A final accompanying exhibition, <em><strong>At the Heart of the Abyss<\/strong><\/em>, will be presented at the end of the event.<\/p>\n<p><strong>Event extended by two weeks<\/strong><\/p>\n<p>The emblematic back-to-school event has been extended by two weeks. The World Press Photo Montreal exhibition team will be offering an enhanced experience, thanks to renovations carried out by the Bonsecours Market team in the updated Salle de la Commune.<\/p>\n<p>Particular attention has been paid to the layout of the photos to ensure greater distance between images, better accessibility for people with reduced mobility, the addition of an extra exhibition space, and the installation of a backlit structure displaying an image by photographer Evgeniy Maloletka, crystallizing the impact of the siege of Mariupol, Ukraine.<\/p>\n<p><strong>French photographer Jonathan Fontaine, winner of the 2023 exhibition, in Montreal<\/strong><\/p>\n<p><img loading=\"lazy\" decoding=\"async\" class=\"aligncenter size-full wp-image-17709\" src=\"https:\/\/www.expo-wppmtl.ca\/wp-content\/uploads\/2023\/06\/CP_4_Jonathan-Fontaine-e1692226502601.png\" alt=\"\" width=\"484\" height=\"232\" \/><\/p>\n<p>Jonathan Fontaine takes a sensitive interest in human and environmental conditions. His series entitled <em><strong>The Nomad\u2019s Final Journey<\/strong><\/em> won an honourable mention from the World Press Photo jury. The winning image shows 16-year-old Samira observing a refugee camp in Ethiopia. The series completes a photographic project begun in 2016 on the decline of pastoral nomadism, due to droughts induced by climate change in the Horn of Africa.<\/p>\n<p>\u201cThe year\u00a02022 shows the longest drought on record in this region, lasting from 2019 to the present day,\u201d explains Jonathan Fontaine. \u201cThese recent years show the end of nomadic life and the massive disappearance of livestock, dying of starvation. The consequences of this climate change are manifesting in a food crisis and a social transformation from nomadic to sedentary existence, in climate refugee camps.\u201d<\/p>\n<p class=\"western\" align=\"justify\"><span lang=\"en-US\"><i><b>Elsewhere<\/b><\/i><\/span><span lang=\"en-US\"><b>: Magalie L\u00e9pine-Blondeau on five continents<\/b><\/span><\/p>\n<p class=\"western\" align=\"justify\"><span lang=\"en-US\">Magalie L\u00e9pine-Blondeau, spokesperson for the World Press Photo Montreal exhibition\u2019s 16th year, invites visitors to plunge into the intimacy of moments of exchange and beauty with people she has met in some 15 countries. In images and text, her large-format exhibition entitled <\/span><span lang=\"en-US\"><i>Ailleurs<\/i><\/span><span lang=\"en-US\"> (<\/span><span lang=\"en-US\"><i>Elsewhere<\/i><\/span><span lang=\"en-US\">) transports us to five continents.<\/span><\/p>\n<p><img loading=\"lazy\" decoding=\"async\" class=\"aligncenter size-full wp-image-17713\" src=\"https:\/\/www.expo-wppmtl.ca\/wp-content\/uploads\/2023\/06\/CP_4_Magalie-Ailleurs.png\" alt=\"\" width=\"794\" height=\"193\" srcset=\"https:\/\/www.expo-wppmtl.ca\/wp-content\/uploads\/2023\/06\/CP_4_Magalie-Ailleurs.png 794w, https:\/\/www.expo-wppmtl.ca\/wp-content\/uploads\/2023\/06\/CP_4_Magalie-Ailleurs-300x73.png 300w, https:\/\/www.expo-wppmtl.ca\/wp-content\/uploads\/2023\/06\/CP_4_Magalie-Ailleurs-768x187.png 768w, https:\/\/www.expo-wppmtl.ca\/wp-content\/uploads\/2023\/06\/CP_4_Magalie-Ailleurs-580x141.png 580w\" sizes=\"auto, (max-width: 794px) 100vw, 794px\" \/><\/p>\n<p class=\"western\" align=\"justify\">\u201c<span lang=\"en-US\">I\u2019ve always admired a keen, mindful eye that takes the time to see, and to understand and capture, all that is beautiful, ephemeral, Other. My work lets me experience some of life from inside that eye, and through it. When I find myself taking photos of people who cross my path, I try to regard them with the same care and respect that I hope they might have toward me. In each of these portraits, I see a trust that\u2019s been granted. An exchange that goes beyond words,\u201d explains Magalie L\u00e9pine-Blondeau, spokesperson for the World Press Photo Montreal exhibition\u2019s 16th year.<\/span><\/p>\n<p class=\"western\" align=\"justify\"><span lang=\"en-US\"><i><b>Reading Between the Lines<\/b><\/i><\/span><span lang=\"en-US\"><b> exhibition<\/b><\/span><\/p>\n<p class=\"western\" align=\"justify\"><span lang=\"en-US\">In Quebec, hundreds of thousands of people face literacy challenges. Presented for the first time, the <\/span><span lang=\"en-US\"><i>Read Between the Lines<\/i><\/span><span lang=\"en-US\"> exhibition features 11 winners of Go Getters\u2019 Bursaries awarded by the Literacy Foundation and Desjardins Foundation. Visitors will discover the stories and resilience of these 11 individuals.<\/span><\/p>\n<p><img loading=\"lazy\" decoding=\"async\" class=\"aligncenter size-full wp-image-17707\" src=\"https:\/\/www.expo-wppmtl.ca\/wp-content\/uploads\/2023\/06\/CP_4_FondAlpha.png\" alt=\"\" width=\"926\" height=\"202\" srcset=\"https:\/\/www.expo-wppmtl.ca\/wp-content\/uploads\/2023\/06\/CP_4_FondAlpha.png 926w, https:\/\/www.expo-wppmtl.ca\/wp-content\/uploads\/2023\/06\/CP_4_FondAlpha-300x65.png 300w, https:\/\/www.expo-wppmtl.ca\/wp-content\/uploads\/2023\/06\/CP_4_FondAlpha-768x168.png 768w, https:\/\/www.expo-wppmtl.ca\/wp-content\/uploads\/2023\/06\/CP_4_FondAlpha-580x127.png 580w, https:\/\/www.expo-wppmtl.ca\/wp-content\/uploads\/2023\/06\/CP_4_FondAlpha-860x188.png 860w\" sizes=\"auto, (max-width: 926px) 100vw, 926px\" \/><\/p>\n<p>\u201c<span lang=\"en-US\">Paradoxically, making fun of other people\u2019s writing is often a sign of ignorance. The exhibition seeks to put this reality into perspective,\u201d explains Yann Fortier, General Manager and Curator of the World Press Photo Montreal exhibition. After <\/span><span lang=\"en-US\"><i>Claire 107 Years Old<\/i><\/span><span lang=\"en-US\">, presented as part of last year\u2019s event, Justine Latour unveils the black-and-white portraits in this large-format series. <\/span><\/p>\n<p class=\"western\" align=\"justify\"><span lang=\"en-US\"><b>Finalists for the FPJQ Antoine Desilets award <\/b><\/span><\/p>\n<p class=\"western\" align=\"justify\"><span lang=\"en-US\">Since 2005, the F\u00e9d\u00e9ration professionnelle des journalistes du\u00a0Qu\u00e9bec (FPJQ) has been awarding the Antoine Desilets award in recognition of the work of press photographers in Quebec media. For the first time, the World Press Photo Montreal exhibition is presenting some twenty finalists in the Arts &amp; Culture, Social Issues, Portrait, Sports and Daily Life categories. <\/span><\/p>\n<p><img loading=\"lazy\" decoding=\"async\" class=\"aligncenter size-full wp-image-17705\" src=\"https:\/\/www.expo-wppmtl.ca\/wp-content\/uploads\/2023\/06\/CP_4_ADesilets.png\" alt=\"\" width=\"753\" height=\"193\" srcset=\"https:\/\/www.expo-wppmtl.ca\/wp-content\/uploads\/2023\/06\/CP_4_ADesilets.png 753w, https:\/\/www.expo-wppmtl.ca\/wp-content\/uploads\/2023\/06\/CP_4_ADesilets-300x77.png 300w, https:\/\/www.expo-wppmtl.ca\/wp-content\/uploads\/2023\/06\/CP_4_ADesilets-580x149.png 580w\" sizes=\"auto, (max-width: 753px) 100vw, 753px\" \/><\/p>\n<p class=\"western\" align=\"justify\">\u201c<span lang=\"en-US\">We\u2019re very excited about this collaboration with World Press Photo Montreal, which will help promote quality photojournalism in Quebec,\u201d says Micha\u00ebl Nguyen, President of the FPJQ. In 2022, 195 entries and 37 photographers competed in the prize\u2019s seven categories. <\/span><\/p>\n<p class=\"western\" align=\"justify\"><span lang=\"en-US\"><b>At the Heart of the Abyss<\/b><\/span><\/p>\n<p class=\"western\" align=\"justify\"><span lang=\"en-US\">The event concludes with a selection of photos of underwater creatures, revealing their wondrous beauty. The astonishing aquatic fauna, particularly that of the little-known ocean floors, give the impression of exploring another planet.<\/span><\/p>\n<p class=\"western\" align=\"justify\"><span lang=\"en-US\"><i><b>D\u00e9crypteurs<\/b><\/i><\/span><span lang=\"en-US\"><b>: the underbelly of misinformation <\/b><\/span><\/p>\n<p class=\"western\" align=\"justify\"><span lang=\"en-US\">How do you tell what\u2019s true from what\u2019s false when surfing the Internet? What are the different types of fake news? Can a fake photo deceive the public, or is it easy to spot if it\u2019s been manipulated? Visitors will find out thanks to the accompanying exhibition <\/span><span lang=\"en-US\"><i>D\u00e9crypteurs<\/i><\/span><span lang=\"en-US\"> from the team at Radio-Canada, featuring the work of Alexis De\u00a0Lancer, Marie-Pier Elie, Jeff Yates, and Nicholas De\u00a0Rosa.<\/span><\/p>\n<p><img loading=\"lazy\" decoding=\"async\" class=\"aligncenter size-full wp-image-17715\" src=\"https:\/\/www.expo-wppmtl.ca\/wp-content\/uploads\/2023\/06\/CP_4_RadioCan.png\" alt=\"\" width=\"553\" height=\"237\" srcset=\"https:\/\/www.expo-wppmtl.ca\/wp-content\/uploads\/2023\/06\/CP_4_RadioCan.png 553w, https:\/\/www.expo-wppmtl.ca\/wp-content\/uploads\/2023\/06\/CP_4_RadioCan-300x129.png 300w\" sizes=\"auto, (max-width: 553px) 100vw, 553px\" \/><\/p>\n<p class=\"western\" align=\"justify\"><span lang=\"en-US\"><i><b>Capturing the Moment<\/b><\/i><\/span><span lang=\"en-US\"><b>: portraits of everyday life<\/b><\/span><\/p>\n<p class=\"western\" align=\"justify\"><span lang=\"en-US\">Every year, <\/span><span lang=\"en-US\"><i>La Presse<\/i><\/span><span lang=\"en-US\"> photojournalists illustrate hundreds of stories through visual narratives that give voice to unseen moments in life. The accompanying exhibition <\/span><span lang=\"en-US\"><i>Capturing the Moment<\/i><\/span><span lang=\"en-US\"> presents a series of authentic portraits, reflecting the essence of their work and their subject. Each portrait showcases the talent of these professional photographers.<\/span><\/p>\n<p><img loading=\"lazy\" decoding=\"async\" class=\"aligncenter size-full wp-image-17711\" src=\"https:\/\/www.expo-wppmtl.ca\/wp-content\/uploads\/2023\/06\/CP_4_LaPresse.png\" alt=\"\" width=\"566\" height=\"202\" srcset=\"https:\/\/www.expo-wppmtl.ca\/wp-content\/uploads\/2023\/06\/CP_4_LaPresse.png 566w, https:\/\/www.expo-wppmtl.ca\/wp-content\/uploads\/2023\/06\/CP_4_LaPresse-300x107.png 300w\" sizes=\"auto, (max-width: 566px) 100vw, 566px\" \/><\/p>\n<p class=\"western\" align=\"justify\"><span lang=\"en-US\"><b>Tickets: accessible prices maintained <\/b><\/span><\/p>\n<p class=\"western\" align=\"justify\"><span lang=\"en-US\">Ticket prices remain unchanged. Available on-site during event opening hours, tickets are available at the following rates: $15 (+ tax) general entry; $12 (+ tax) for seniors and students; free for children under 10. School groups benefit from tickets at a cost per person of $8.70 (+ tax), as well as a dedicated booking schedule and doors opening at 9\u00a0a.m., Monday to Friday.<\/span><\/p>\n<p class=\"western\" align=\"justify\"><span lang=\"en-US\"><b>The event is open every day and evening, including Labour Day (September\u00a04) and Thanksgiving (October\u00a09).<\/b><\/span><\/p>\n<p class=\"western\" align=\"justify\"><span style=\"color: #000000;\"><span lang=\"en-US\">The World Press Photo Montreal exhibition receives support from Radio-Canada, La\u00a0Presse, and SDC Vieux-Montr\u00e9al.<\/span><\/span><\/p>\n<p class=\"western\" align=\"justify\"><span style=\"color: #000000;\"><span lang=\"en-US\"><b>About World Press Photo<\/b><\/span><\/span><\/p>\n<p class=\"western\" align=\"justify\"><span style=\"color: #000000;\"><span lang=\"en-US\">Founded in 1955, the World Press Photo Foundation is an independent, non-profit organization with its headquarters in Amsterdam. The foundation is committed to supporting and advancing high standards of photojournalism and documentary storytelling worldwide. Each year, the exhibition travels to more than 100 cities in 45 countries and is seen by more than 4\u00a0million visitors. The World Press Photo receives support from the Dutch Postcode Lottery and PwC.\u00a0<\/span><\/span><\/p>\n<p class=\"western\" align=\"center\"><span style=\"color: #000000;\"><span lang=\"en-US\">For more information, follow us on\u00a0<\/span><\/span><a href=\"https:\/\/www.facebook.com\/ExpoWPPMTL\/\" target=\"https:\/\/www.facebook.com\/ExpoWPPMTL\/\" rel=\"noopener\"><span style=\"color: #0078d7;\"><span lang=\"en-US\"><u>Facebook<\/u><\/span><\/span><\/a><span style=\"color: #000000;\"><span lang=\"en-US\">\u00a0and\u00a0<\/span><\/span><a href=\"https:\/\/twitter.com\/expowppmtl\" target=\"https:\/\/twitter.com\/expowppmtl\" rel=\"noopener\"><span style=\"color: #0078d7;\"><span lang=\"en-US\"><u>Twitter<\/u><\/span><\/span><\/a><span style=\"color: #0563c1;\"><span lang=\"en-US\">.<\/span><\/span><\/p>\n<p class=\"western\" align=\"center\"><span style=\"color: #000000;\"><span lang=\"en-US\">&#8211; 30 &#8211; <\/span><\/span><\/p>\n<p class=\"western\"><a href=\"https:\/\/drive.google.com\/drive\/folders\/1K0xCIAxio9aStlnBRw4E77L9RzsYWQWb\" target=\"https:\/\/drive.google.com\/drive\/folders\/1lYFp8bc0LyFq7EwCsT3fKziLB6Qx69dd\" rel=\"noopener\"><span style=\"color: #1155cc;\"><span lang=\"en-US\"><u>Media kit<\/u><\/span><\/span><\/a><\/p>\n<p class=\"western\"><span style=\"color: #000000;\"><span lang=\"en-US\"><b>Media contacts:<\/b><\/span><\/span><\/p>\n<p class=\"western\"><span style=\"color: #000000;\">M\u00e9lanie Mingotaud \u2013 <\/span><a href=\"mailto:Melanie@mingo2.ca\" target=\"mailto:Melanie@mingo2.ca\" rel=\"noopener\"><span style=\"color: #0078d7;\"><u>Melanie@mingo2.ca<\/u><\/span><\/a><span style=\"color: #000000;\"> \u2013 514-582-5272<\/span><\/p>\n<p class=\"western\"><span style=\"color: #000000;\">Zo\u00e9 Verdier \u2013 <\/span><a href=\"mailto:Zoe@mingo2.ca\" target=\"mailto:Zoe@mingo2.ca\" rel=\"noopener\"><span style=\"color: #0078d7;\"><u>Zoe@mingo2.ca<\/u><\/span><\/a><span style=\"color: #000000;\"> \u2013 514-617-3472<\/span><\/p>\n<\/div>\n<div class=\"cmsmasters_text\">\n<p>&nbsp;<\/p>\n<\/div>\n<div class=\"cmsmasters_text\">\n<p>&nbsp;<\/p>\n<\/div>\n<div class=\"cmsmasters_text\">\n<p>&nbsp;<\/p>\n<\/div>\n<\/div><\/div>\n<\/div>\n<\/div>\n<\/div>\n<\/div>\n<\/div>\n\n","protected":false},"excerpt":{"rendered":"","protected":false},"author":1,"featured_media":0,"comment_status":"closed","ping_status":"closed","sticky":false,"template":"","format":"standard","meta":{"footnotes":""},"categories":[36],"tags":[],"class_list":["post-17624","post","type-post","status-publish","format-standard","hentry","category-press-releases"],"yoast_head":"<!-- This site is optimized with the Yoast SEO plugin v27.4 - https:\/\/yoast.com\/product\/yoast-seo-wordpress\/ -->\n<title>Expo World Press Photo Montr\u00e9al 2023 | Special guest in Montreal<\/title>\n<meta name=\"description\" content=\"Photographer Jonathan Fontaine, honoured by the World Press Photo jury for his series entitled The Nomad\u2019s Final Journey, will be in Montreal\" \/>\n<meta name=\"robots\" content=\"index, follow, max-snippet:-1, max-image-preview:large, max-video-preview:-1\" \/>\n<link rel=\"canonical\" href=\"https:\/\/www.expo-wppmtl.ca\/en\/le-photographe-laureat-jonathan-fontaine-sera-a-montreal-fin-aout-pour-lancer-l-a-16e-edition\/\" \/>\n<meta property=\"og:locale\" content=\"en_US\" \/>\n<meta property=\"og:type\" content=\"article\" \/>\n<meta property=\"og:title\" content=\"Expo World Press Photo Montr\u00e9al 2023 | Special guest in Montreal\" \/>\n<meta property=\"og:description\" content=\"Photographer Jonathan Fontaine, honoured by the World Press Photo jury for his series entitled The Nomad\u2019s Final Journey, will be in Montreal\" \/>\n<meta property=\"og:url\" content=\"https:\/\/www.expo-wppmtl.ca\/en\/le-photographe-laureat-jonathan-fontaine-sera-a-montreal-fin-aout-pour-lancer-l-a-16e-edition\/\" \/>\n<meta property=\"og:site_name\" content=\"World Press Photo Montr\u00e9al 2026\" \/>\n<meta property=\"article:published_time\" content=\"2023-08-08T14:30:41+00:00\" \/>\n<meta property=\"article:modified_time\" content=\"2023-09-05T22:21:27+00:00\" \/>\n<meta property=\"og:image\" content=\"https:\/\/www.expo-wppmtl.ca\/wp-content\/uploads\/2023\/06\/CP_4_Jonathan-Fontaine-e1692226502601.png\" \/>\n<meta name=\"author\" content=\"infowppmtl\" \/>\n<meta name=\"twitter:card\" content=\"summary_large_image\" \/>\n<meta name=\"twitter:label1\" content=\"Written by\" \/>\n\t<meta name=\"twitter:data1\" content=\"infowppmtl\" \/>\n\t<meta name=\"twitter:label2\" content=\"Est. reading time\" \/>\n\t<meta name=\"twitter:data2\" content=\"8 minutes\" \/>\n<script type=\"application\/ld+json\" class=\"yoast-schema-graph\">{\"@context\":\"https:\\\/\\\/schema.org\",\"@graph\":[{\"@type\":\"Article\",\"@id\":\"https:\\\/\\\/www.expo-wppmtl.ca\\\/en\\\/le-photographe-laureat-jonathan-fontaine-sera-a-montreal-fin-aout-pour-lancer-l-a-16e-edition\\\/#article\",\"isPartOf\":{\"@id\":\"https:\\\/\\\/www.expo-wppmtl.ca\\\/en\\\/le-photographe-laureat-jonathan-fontaine-sera-a-montreal-fin-aout-pour-lancer-l-a-16e-edition\\\/\"},\"author\":{\"name\":\"infowppmtl\",\"@id\":\"https:\\\/\\\/www.expo-wppmtl.ca\\\/#\\\/schema\\\/person\\\/34941542e635c109d5aed2b70b0f8b8b\"},\"headline\":\"PHOTOGRAPHER JONATHAN FONTAINE IN MONTREAL TO LAUNCH EXHIBITION\u2019S 16TH YEAR\",\"datePublished\":\"2023-08-08T14:30:41+00:00\",\"dateModified\":\"2023-09-05T22:21:27+00:00\",\"mainEntityOfPage\":{\"@id\":\"https:\\\/\\\/www.expo-wppmtl.ca\\\/en\\\/le-photographe-laureat-jonathan-fontaine-sera-a-montreal-fin-aout-pour-lancer-l-a-16e-edition\\\/\"},\"wordCount\":1314,\"image\":{\"@id\":\"https:\\\/\\\/www.expo-wppmtl.ca\\\/en\\\/le-photographe-laureat-jonathan-fontaine-sera-a-montreal-fin-aout-pour-lancer-l-a-16e-edition\\\/#primaryimage\"},\"thumbnailUrl\":\"https:\\\/\\\/www.expo-wppmtl.ca\\\/wp-content\\\/uploads\\\/2023\\\/06\\\/CP_4_Jonathan-Fontaine-e1692226502601.png\",\"articleSection\":[\"Press Releases\"],\"inLanguage\":\"en-US\"},{\"@type\":\"WebPage\",\"@id\":\"https:\\\/\\\/www.expo-wppmtl.ca\\\/en\\\/le-photographe-laureat-jonathan-fontaine-sera-a-montreal-fin-aout-pour-lancer-l-a-16e-edition\\\/\",\"url\":\"https:\\\/\\\/www.expo-wppmtl.ca\\\/en\\\/le-photographe-laureat-jonathan-fontaine-sera-a-montreal-fin-aout-pour-lancer-l-a-16e-edition\\\/\",\"name\":\"Expo World Press Photo Montr\u00e9al 2023 | Special guest in Montreal\",\"isPartOf\":{\"@id\":\"https:\\\/\\\/www.expo-wppmtl.ca\\\/#website\"},\"primaryImageOfPage\":{\"@id\":\"https:\\\/\\\/www.expo-wppmtl.ca\\\/en\\\/le-photographe-laureat-jonathan-fontaine-sera-a-montreal-fin-aout-pour-lancer-l-a-16e-edition\\\/#primaryimage\"},\"image\":{\"@id\":\"https:\\\/\\\/www.expo-wppmtl.ca\\\/en\\\/le-photographe-laureat-jonathan-fontaine-sera-a-montreal-fin-aout-pour-lancer-l-a-16e-edition\\\/#primaryimage\"},\"thumbnailUrl\":\"https:\\\/\\\/www.expo-wppmtl.ca\\\/wp-content\\\/uploads\\\/2023\\\/06\\\/CP_4_Jonathan-Fontaine-e1692226502601.png\",\"datePublished\":\"2023-08-08T14:30:41+00:00\",\"dateModified\":\"2023-09-05T22:21:27+00:00\",\"author\":{\"@id\":\"https:\\\/\\\/www.expo-wppmtl.ca\\\/#\\\/schema\\\/person\\\/34941542e635c109d5aed2b70b0f8b8b\"},\"description\":\"Photographer Jonathan Fontaine, honoured by the World Press Photo jury for his series entitled The Nomad\u2019s Final Journey, will be in Montreal\",\"breadcrumb\":{\"@id\":\"https:\\\/\\\/www.expo-wppmtl.ca\\\/en\\\/le-photographe-laureat-jonathan-fontaine-sera-a-montreal-fin-aout-pour-lancer-l-a-16e-edition\\\/#breadcrumb\"},\"inLanguage\":\"en-US\",\"potentialAction\":[{\"@type\":\"ReadAction\",\"target\":[\"https:\\\/\\\/www.expo-wppmtl.ca\\\/en\\\/le-photographe-laureat-jonathan-fontaine-sera-a-montreal-fin-aout-pour-lancer-l-a-16e-edition\\\/\"]}]},{\"@type\":\"ImageObject\",\"inLanguage\":\"en-US\",\"@id\":\"https:\\\/\\\/www.expo-wppmtl.ca\\\/en\\\/le-photographe-laureat-jonathan-fontaine-sera-a-montreal-fin-aout-pour-lancer-l-a-16e-edition\\\/#primaryimage\",\"url\":\"https:\\\/\\\/www.expo-wppmtl.ca\\\/wp-content\\\/uploads\\\/2023\\\/06\\\/CP_4_Jonathan-Fontaine-e1692226502601.png\",\"contentUrl\":\"https:\\\/\\\/www.expo-wppmtl.ca\\\/wp-content\\\/uploads\\\/2023\\\/06\\\/CP_4_Jonathan-Fontaine-e1692226502601.png\"},{\"@type\":\"BreadcrumbList\",\"@id\":\"https:\\\/\\\/www.expo-wppmtl.ca\\\/en\\\/le-photographe-laureat-jonathan-fontaine-sera-a-montreal-fin-aout-pour-lancer-l-a-16e-edition\\\/#breadcrumb\",\"itemListElement\":[{\"@type\":\"ListItem\",\"position\":1,\"name\":\"Home\",\"item\":\"https:\\\/\\\/www.expo-wppmtl.ca\\\/en\\\/\"},{\"@type\":\"ListItem\",\"position\":2,\"name\":\"PHOTOGRAPHER JONATHAN FONTAINE IN MONTREAL TO LAUNCH EXHIBITION\u2019S 16TH YEAR\"}]},{\"@type\":\"WebSite\",\"@id\":\"https:\\\/\\\/www.expo-wppmtl.ca\\\/#website\",\"url\":\"https:\\\/\\\/www.expo-wppmtl.ca\\\/\",\"name\":\"World Press Photo Montr\u00e9al 2026\",\"description\":\"\",\"potentialAction\":[{\"@type\":\"SearchAction\",\"target\":{\"@type\":\"EntryPoint\",\"urlTemplate\":\"https:\\\/\\\/www.expo-wppmtl.ca\\\/?s={search_term_string}\"},\"query-input\":{\"@type\":\"PropertyValueSpecification\",\"valueRequired\":true,\"valueName\":\"search_term_string\"}}],\"inLanguage\":\"en-US\"},{\"@type\":\"Person\",\"@id\":\"https:\\\/\\\/www.expo-wppmtl.ca\\\/#\\\/schema\\\/person\\\/34941542e635c109d5aed2b70b0f8b8b\",\"name\":\"infowppmtl\"}]}<\/script>\n<!-- \/ Yoast SEO plugin. -->","yoast_head_json":{"title":"Expo World Press Photo Montr\u00e9al 2023 | Special guest in Montreal","description":"Photographer Jonathan Fontaine, honoured by the World Press Photo jury for his series entitled The Nomad\u2019s Final Journey, will be in Montreal","robots":{"index":"index","follow":"follow","max-snippet":"max-snippet:-1","max-image-preview":"max-image-preview:large","max-video-preview":"max-video-preview:-1"},"canonical":"https:\/\/www.expo-wppmtl.ca\/en\/le-photographe-laureat-jonathan-fontaine-sera-a-montreal-fin-aout-pour-lancer-l-a-16e-edition\/","og_locale":"en_US","og_type":"article","og_title":"Expo World Press Photo Montr\u00e9al 2023 | Special guest in Montreal","og_description":"Photographer Jonathan Fontaine, honoured by the World Press Photo jury for his series entitled The Nomad\u2019s Final Journey, will be in Montreal","og_url":"https:\/\/www.expo-wppmtl.ca\/en\/le-photographe-laureat-jonathan-fontaine-sera-a-montreal-fin-aout-pour-lancer-l-a-16e-edition\/","og_site_name":"World Press Photo Montr\u00e9al 2026","article_published_time":"2023-08-08T14:30:41+00:00","article_modified_time":"2023-09-05T22:21:27+00:00","og_image":[{"url":"https:\/\/www.expo-wppmtl.ca\/wp-content\/uploads\/2023\/06\/CP_4_Jonathan-Fontaine-e1692226502601.png","type":"","width":"","height":""}],"author":"infowppmtl","twitter_card":"summary_large_image","twitter_misc":{"Written by":"infowppmtl","Est. reading time":"8 minutes"},"schema":{"@context":"https:\/\/schema.org","@graph":[{"@type":"Article","@id":"https:\/\/www.expo-wppmtl.ca\/en\/le-photographe-laureat-jonathan-fontaine-sera-a-montreal-fin-aout-pour-lancer-l-a-16e-edition\/#article","isPartOf":{"@id":"https:\/\/www.expo-wppmtl.ca\/en\/le-photographe-laureat-jonathan-fontaine-sera-a-montreal-fin-aout-pour-lancer-l-a-16e-edition\/"},"author":{"name":"infowppmtl","@id":"https:\/\/www.expo-wppmtl.ca\/#\/schema\/person\/34941542e635c109d5aed2b70b0f8b8b"},"headline":"PHOTOGRAPHER JONATHAN FONTAINE IN MONTREAL TO LAUNCH EXHIBITION\u2019S 16TH YEAR","datePublished":"2023-08-08T14:30:41+00:00","dateModified":"2023-09-05T22:21:27+00:00","mainEntityOfPage":{"@id":"https:\/\/www.expo-wppmtl.ca\/en\/le-photographe-laureat-jonathan-fontaine-sera-a-montreal-fin-aout-pour-lancer-l-a-16e-edition\/"},"wordCount":1314,"image":{"@id":"https:\/\/www.expo-wppmtl.ca\/en\/le-photographe-laureat-jonathan-fontaine-sera-a-montreal-fin-aout-pour-lancer-l-a-16e-edition\/#primaryimage"},"thumbnailUrl":"https:\/\/www.expo-wppmtl.ca\/wp-content\/uploads\/2023\/06\/CP_4_Jonathan-Fontaine-e1692226502601.png","articleSection":["Press Releases"],"inLanguage":"en-US"},{"@type":"WebPage","@id":"https:\/\/www.expo-wppmtl.ca\/en\/le-photographe-laureat-jonathan-fontaine-sera-a-montreal-fin-aout-pour-lancer-l-a-16e-edition\/","url":"https:\/\/www.expo-wppmtl.ca\/en\/le-photographe-laureat-jonathan-fontaine-sera-a-montreal-fin-aout-pour-lancer-l-a-16e-edition\/","name":"Expo World Press Photo Montr\u00e9al 2023 | Special guest in Montreal","isPartOf":{"@id":"https:\/\/www.expo-wppmtl.ca\/#website"},"primaryImageOfPage":{"@id":"https:\/\/www.expo-wppmtl.ca\/en\/le-photographe-laureat-jonathan-fontaine-sera-a-montreal-fin-aout-pour-lancer-l-a-16e-edition\/#primaryimage"},"image":{"@id":"https:\/\/www.expo-wppmtl.ca\/en\/le-photographe-laureat-jonathan-fontaine-sera-a-montreal-fin-aout-pour-lancer-l-a-16e-edition\/#primaryimage"},"thumbnailUrl":"https:\/\/www.expo-wppmtl.ca\/wp-content\/uploads\/2023\/06\/CP_4_Jonathan-Fontaine-e1692226502601.png","datePublished":"2023-08-08T14:30:41+00:00","dateModified":"2023-09-05T22:21:27+00:00","author":{"@id":"https:\/\/www.expo-wppmtl.ca\/#\/schema\/person\/34941542e635c109d5aed2b70b0f8b8b"},"description":"Photographer Jonathan Fontaine, honoured by the World Press Photo jury for his series entitled The Nomad\u2019s Final Journey, will be in Montreal","breadcrumb":{"@id":"https:\/\/www.expo-wppmtl.ca\/en\/le-photographe-laureat-jonathan-fontaine-sera-a-montreal-fin-aout-pour-lancer-l-a-16e-edition\/#breadcrumb"},"inLanguage":"en-US","potentialAction":[{"@type":"ReadAction","target":["https:\/\/www.expo-wppmtl.ca\/en\/le-photographe-laureat-jonathan-fontaine-sera-a-montreal-fin-aout-pour-lancer-l-a-16e-edition\/"]}]},{"@type":"ImageObject","inLanguage":"en-US","@id":"https:\/\/www.expo-wppmtl.ca\/en\/le-photographe-laureat-jonathan-fontaine-sera-a-montreal-fin-aout-pour-lancer-l-a-16e-edition\/#primaryimage","url":"https:\/\/www.expo-wppmtl.ca\/wp-content\/uploads\/2023\/06\/CP_4_Jonathan-Fontaine-e1692226502601.png","contentUrl":"https:\/\/www.expo-wppmtl.ca\/wp-content\/uploads\/2023\/06\/CP_4_Jonathan-Fontaine-e1692226502601.png"},{"@type":"BreadcrumbList","@id":"https:\/\/www.expo-wppmtl.ca\/en\/le-photographe-laureat-jonathan-fontaine-sera-a-montreal-fin-aout-pour-lancer-l-a-16e-edition\/#breadcrumb","itemListElement":[{"@type":"ListItem","position":1,"name":"Home","item":"https:\/\/www.expo-wppmtl.ca\/en\/"},{"@type":"ListItem","position":2,"name":"PHOTOGRAPHER JONATHAN FONTAINE IN MONTREAL TO LAUNCH EXHIBITION\u2019S 16TH YEAR"}]},{"@type":"WebSite","@id":"https:\/\/www.expo-wppmtl.ca\/#website","url":"https:\/\/www.expo-wppmtl.ca\/","name":"World Press Photo Montr\u00e9al 2026","description":"","potentialAction":[{"@type":"SearchAction","target":{"@type":"EntryPoint","urlTemplate":"https:\/\/www.expo-wppmtl.ca\/?s={search_term_string}"},"query-input":{"@type":"PropertyValueSpecification","valueRequired":true,"valueName":"search_term_string"}}],"inLanguage":"en-US"},{"@type":"Person","@id":"https:\/\/www.expo-wppmtl.ca\/#\/schema\/person\/34941542e635c109d5aed2b70b0f8b8b","name":"infowppmtl"}]}},"_links":{"self":[{"href":"https:\/\/www.expo-wppmtl.ca\/en\/wp-json\/wp\/v2\/posts\/17624","targetHints":{"allow":["GET"]}}],"collection":[{"href":"https:\/\/www.expo-wppmtl.ca\/en\/wp-json\/wp\/v2\/posts"}],"about":[{"href":"https:\/\/www.expo-wppmtl.ca\/en\/wp-json\/wp\/v2\/types\/post"}],"author":[{"embeddable":true,"href":"https:\/\/www.expo-wppmtl.ca\/en\/wp-json\/wp\/v2\/users\/1"}],"replies":[{"embeddable":true,"href":"https:\/\/www.expo-wppmtl.ca\/en\/wp-json\/wp\/v2\/comments?post=17624"}],"version-history":[{"count":5,"href":"https:\/\/www.expo-wppmtl.ca\/en\/wp-json\/wp\/v2\/posts\/17624\/revisions"}],"predecessor-version":[{"id":17719,"href":"https:\/\/www.expo-wppmtl.ca\/en\/wp-json\/wp\/v2\/posts\/17624\/revisions\/17719"}],"wp:attachment":[{"href":"https:\/\/www.expo-wppmtl.ca\/en\/wp-json\/wp\/v2\/media?parent=17624"}],"wp:term":[{"taxonomy":"category","embeddable":true,"href":"https:\/\/www.expo-wppmtl.ca\/en\/wp-json\/wp\/v2\/categories?post=17624"},{"taxonomy":"post_tag","embeddable":true,"href":"https:\/\/www.expo-wppmtl.ca\/en\/wp-json\/wp\/v2\/tags?post=17624"}],"curies":[{"name":"wp","href":"https:\/\/api.w.org\/{rel}","templated":true}]}}