{"id":18626,"date":"2024-09-02T04:40:41","date_gmt":"2024-09-02T08:40:41","guid":{"rendered":"https:\/\/www.expo-wppmtl.ca\/?p=18626"},"modified":"2026-03-17T13:32:28","modified_gmt":"2026-03-17T17:32:28","slug":"the-17th-edition-of-the-world-press-photo-montreal-expo-pays-tribute-to-quebec","status":"publish","type":"post","link":"https:\/\/www.expo-wppmtl.ca\/en\/the-17th-edition-of-the-world-press-photo-montreal-expo-pays-tribute-to-quebec\/","title":{"rendered":"The 17th edition of the World Press Photo Montreal Expo pays tribute to Quebec [2024]"},"content":{"rendered":"<div id=\"cmsmasters_row_rlmk0tagrb\" class=\"cmsmasters_row cmsmasters_color_scheme_default cmsmasters_row_top_default cmsmasters_row_bot_default cmsmasters_row_boxed\">\n<div class=\"cmsmasters_row_outer_parent\">\n<div class=\"cmsmasters_row_outer\">\n<div class=\"cmsmasters_row_inner\">\n<div class=\"cmsmasters_row_margin\">\n<div id=\"cmsmasters_column_0ql2bo3seg\" class=\"cmsmasters_column one_first\">\n<div class=\"cmsmasters_column_inner\"><div class=\"cmsmasters_text\">\n<p style=\"font-weight: 400; text-align: center;\"><strong>The 17th edition of the World Press Photo Montreal Expo <\/strong><strong>pays tribute to Quebec, with the following premieres: <\/strong><\/p>\n<p style=\"font-weight: 400; text-align: center;\"><strong><em>Agence Stock Photo, notre monde en images <\/em><\/strong><strong>and<\/strong><\/p>\n<p style=\"font-weight: 400; text-align: center;\"><strong><em>Funky, l&#8217;univers de F\u00e9lix Renaud<\/em><\/strong><\/p>\n<p style=\"font-weight: 400; text-align: center;\"><strong>From August 28th to October 14 at Bonsecours Market<\/strong><\/p>\n<p><img loading=\"lazy\" decoding=\"async\" class=\"wp-image-18600 size-full aligncenter\" src=\"https:\/\/www.expo-wppmtl.ca\/wp-content\/uploads\/2024\/06\/EXPOS_Picture1.png\" alt=\"\" width=\"800\" height=\"335\" srcset=\"https:\/\/www.expo-wppmtl.ca\/wp-content\/uploads\/2024\/06\/EXPOS_Picture1.png 800w, https:\/\/www.expo-wppmtl.ca\/wp-content\/uploads\/2024\/06\/EXPOS_Picture1-300x126.png 300w, https:\/\/www.expo-wppmtl.ca\/wp-content\/uploads\/2024\/06\/EXPOS_Picture1-768x322.png 768w, https:\/\/www.expo-wppmtl.ca\/wp-content\/uploads\/2024\/06\/EXPOS_Picture1-580x243.png 580w\" sizes=\"auto, (max-width: 800px) 100vw, 800px\" \/><\/p>\n<p style=\"font-weight: 400;\"><strong>Montreal, Wednesday, August 7, 2024 <\/strong>&#8211; The <strong>World Press Photo Montr\u00e9al Exhibition <\/strong>team unveils the content of new exhibitions presented for the first time <strong>from August 28 to October 14<\/strong> in the <strong>mezzanine space of the Bonsecours Market<\/strong>.<\/p>\n<p style=\"font-weight: 400;\">The exhibition <strong><em>Agence Stock Photo, notre monde<\/em><\/strong><em> <strong>en images<\/strong><\/em> features a series of large-format photos recounting some of the key events of the last 40 years in Quebec. <strong><em>Funky, l&#8217;univers de F\u00e9lix Renaud<\/em><\/strong>celebrates the short but prolific career of the colorful Montreal photographer. These two new exhibitions complement those devoted to World Press Photo, Charles-Fr\u00e9d\u00e9rick Ouellet and the Prix Antoine-Desilets (FPJQ).<\/p>\n<p style=\"font-weight: 400;\"><strong>\u00a0<\/strong><strong><em>Agence Stock Photo, notre monde en images<\/em><\/strong><\/p>\n<p style=\"font-weight: 400;\">Founded in 1987 by photographers Robert Fr\u00e9chette, Jean-Fran\u00e7ois LeBlanc and Martin Roy, <strong>Agence Stock Photo<\/strong> is the first independent agency in Quebec. For almost 40 years, photographers such as Benoit Aquin, Josu\u00e9 Bertolino, Normand Blouin, Horacio Paone, Laurent Gu\u00e9rin and Sophie Bertrand have captured many of Quebec&#8217;s defining moments and events.<\/p>\n<p><img loading=\"lazy\" decoding=\"async\" class=\"aligncenter wp-image-18604 size-full\" src=\"https:\/\/www.expo-wppmtl.ca\/wp-content\/uploads\/2024\/06\/Screen-Shot-2024-08-06-at-5.01.44-PM.png\" alt=\"\" width=\"1840\" height=\"416\" srcset=\"https:\/\/www.expo-wppmtl.ca\/wp-content\/uploads\/2024\/06\/Screen-Shot-2024-08-06-at-5.01.44-PM.png 1840w, https:\/\/www.expo-wppmtl.ca\/wp-content\/uploads\/2024\/06\/Screen-Shot-2024-08-06-at-5.01.44-PM-300x68.png 300w, https:\/\/www.expo-wppmtl.ca\/wp-content\/uploads\/2024\/06\/Screen-Shot-2024-08-06-at-5.01.44-PM-1024x232.png 1024w, https:\/\/www.expo-wppmtl.ca\/wp-content\/uploads\/2024\/06\/Screen-Shot-2024-08-06-at-5.01.44-PM-768x174.png 768w, https:\/\/www.expo-wppmtl.ca\/wp-content\/uploads\/2024\/06\/Screen-Shot-2024-08-06-at-5.01.44-PM-1536x347.png 1536w, https:\/\/www.expo-wppmtl.ca\/wp-content\/uploads\/2024\/06\/Screen-Shot-2024-08-06-at-5.01.44-PM-580x131.png 580w, https:\/\/www.expo-wppmtl.ca\/wp-content\/uploads\/2024\/06\/Screen-Shot-2024-08-06-at-5.01.44-PM-860x194.png 860w, https:\/\/www.expo-wppmtl.ca\/wp-content\/uploads\/2024\/06\/Screen-Shot-2024-08-06-at-5.01.44-PM-1160x262.png 1160w\" sizes=\"auto, (max-width: 1840px) 100vw, 1840px\" \/><\/p>\n<p style=\"font-weight: 400;\">These include the 1995 referendum, the ice storm, the Maple Spring, the Saint-Amable fire and the Stanley Cup riot. Added to this are several portraits of iconic personalities and photos from Caroline Hayeur&#8217;s <em>Rituel festif<\/em> project, documenting the Montreal rave scene of the 1990s. The exhibition coincides with the August publication of <strong><em>Agence Stock Photo &#8211; Une histoire du photojournalisme au Qu\u00e9bec<\/em><\/strong> by Les \u00e9ditions du passage.<\/p>\n<p style=\"font-weight: 400;\"><strong><em>Funky, l\u2019univers de F\u00e9lix Renaud<\/em><\/strong><\/p>\n<p style=\"font-weight: 400;\">F\u00e9lix Renaud was renowned for his colorful portraits and cinematic universes. This exhibition offers a sample of the prolific and recent photographic decade of the late photographer and retoucher who passed away last February.<\/p>\n<p style=\"font-weight: 400;\">His eye brightened the cultural panorama of Quebec with his photos of artists and personal projects which comingle in thisexhibition celebrating his life, co-produced by Shoot Studio, Urbania and the Expo World Press Photo Montr\u00e9al team.<\/p>\n<p style=\"font-weight: 400;\"><strong>\u00a0<\/strong><strong>Two other related exhibitions<\/strong><\/p>\n<p style=\"font-weight: 400;\">As partners in the exhibition, Radio-Canada and La Presse offer complementary and relevant content to visitors every year.<\/p>\n<p style=\"font-weight: 400;\"><strong><em>\u00a0<\/em><\/strong><strong><em>D\u00e9crypteurs: the underside of misinformation<\/em><\/strong><\/p>\n<p style=\"font-weight: 400;\">How can one tell what&#8217;s true from what&#8217;s false when surfing the Internet? What are the different types of fake news? Can the eye deceive the public in front of a fake photo, or is it easy to spot if it&#8217;s been manipulated? Visitors will find out thanks to the exhibition <em>D\u00e9crypteurs<\/em> from Radio-Canada, featuring the work of Alexis De Lancer, Marie-Pier Elie, Jeff Yates and Nicholas De Rosa.<\/p>\n<p style=\"font-weight: 400;\"><strong>\u00a0<\/strong><strong><em>Saisir une \u00e9motion<\/em><\/strong><\/p>\n<p style=\"font-weight: 400;\">Every day, La Presse publishes striking images that stand out for their aesthetics, their social impact, but above all, for their ability to evoke emotion. Some of the moving and powerful moments captured by La Presse photographers in 2023 will be on display exclusively at March\u00e9 Bonsecours.<\/p>\n<p style=\"font-weight: 400;\"><strong>\u00a0<\/strong><\/p>\n<p style=\"font-weight: 400;\"><strong>\u00a0<\/strong><strong>About the World Press Photo Foundation<\/strong><\/p>\n<p style=\"font-weight: 400;\">Founded in 1955, the World Press Photo Foundation organizes one of the world&#8217;s most prestigious competitions, recognizing the best in photojournalism and documentary photography. Showcasing the winning photos, its annual exhibition reaches millions of people each year in over 80 cities around the globe. The Foundation, based in Amsterdam, benefits from the support of strategic partners such as the Dutch Postcode Lottery, PwC, and Fujifilm Corporation.<\/p>\n<p style=\"font-weight: 400;\"><strong>About World Press Photo Montr\u00e9al Expo<\/strong><\/p>\n<p style=\"font-weight: 400;\">The World Press Photo Montreal Exhibition is a major cultural event held each year at the Bonsecours Market in Old Montreal. In addition to World Press Photo&#8217;s winning images, several related exhibitions produced by the Montreal team highlight the diversity and creativity of local talent. Radio-Canada, La Presse and SDC Vieux-Montr\u00e9al support the success of this exhibition.<\/p>\n<p style=\"font-weight: 400;\"><strong>\u00a0<\/strong><\/p>\n<p style=\"font-weight: 400;\">For more info, follow us on\u00a0: <a href=\"https:\/\/www.facebook.com\/ExpoWPPMTL\/\">Facebook<\/a>\u00a0and\u00a0<a href=\"https:\/\/www.instagram.com\/expoworldpressphotomtl\/?hl=fr\">Instagram<\/a><\/p>\n<p style=\"text-align: center;\">&#8211; 30 &#8211;<\/p>\n<p style=\"font-weight: 400;\"><strong>Media contacts\u00a0:<\/strong><\/p>\n<p style=\"font-weight: 400;\"><strong>Communications Mingotwo <\/strong><\/p>\n<p style=\"font-weight: 400;\">M\u00e9lanie Mingotaud\u00a0&#8211; <a href=\"mailto:Melanie@mingo2.ca\">Melanie@mingo2.ca<\/a>\u00a0&#8211; 514\u2009582-5272<\/p>\n<p style=\"font-weight: 400;\">Marie Martinez &#8211; <a href=\"mailto:mariemartinez@mingo2.ca\">mariemartinez@mingo2.ca<\/a> &#8211; 514\u00a0577\u00a00206<\/p>\n<p style=\"font-weight: 400;\">[\/cm<\/p>\n<\/div>\n<div class=\"cmsmasters_text\">\n<p>&nbsp;<\/p>\n<\/div>\n<div class=\"cmsmasters_text\">\n<p>&nbsp;<\/p>\n<\/div>\n<div class=\"cmsmasters_text\">\n<p>&nbsp;<\/p>\n<\/div>\n<div class=\"cmsmasters_text\">\n<p>&nbsp;<\/p>\n<\/div>\n<\/div><\/div>\n<\/div>\n<\/div>\n<\/div>\n<\/div>\n<\/div>\n\n","protected":false},"excerpt":{"rendered":"","protected":false},"author":1,"featured_media":0,"comment_status":"closed","ping_status":"closed","sticky":false,"template":"","format":"video","meta":{"footnotes":""},"categories":[53,36],"tags":[],"class_list":["post-18626","post","type-post","status-publish","format-video","hentry","category-communiques-en","category-press-releases","post_format-post-format-video"],"yoast_head":"<!-- This site is optimized with the Yoast SEO plugin v27.4 - https:\/\/yoast.com\/product\/yoast-seo-wordpress\/ -->\n<title>Expo World Press Photo Montr\u00e9al 2024 |<\/title>\n<meta name=\"description\" content=\"Le photographe documentaire Charles-Fr\u00e9d\u00e9rick Ouellet fait partie des laur\u00e9ats de la r\u00e9gion Am\u00e9rique du Nord et Centrale, dans la cat\u00e9gorie Images seules.\" \/>\n<meta name=\"robots\" content=\"index, follow, max-snippet:-1, max-image-preview:large, max-video-preview:-1\" \/>\n<link rel=\"canonical\" href=\"https:\/\/www.expo-wppmtl.ca\/en\/the-17th-edition-of-the-world-press-photo-montreal-expo-pays-tribute-to-quebec\/\" \/>\n<meta property=\"og:locale\" content=\"en_US\" \/>\n<meta property=\"og:type\" content=\"article\" \/>\n<meta property=\"og:title\" content=\"Expo World Press Photo Montr\u00e9al 2024 |\" \/>\n<meta property=\"og:description\" content=\"Le photographe documentaire Charles-Fr\u00e9d\u00e9rick Ouellet fait partie des laur\u00e9ats de la r\u00e9gion Am\u00e9rique du Nord et Centrale, dans la cat\u00e9gorie Images seules.\" \/>\n<meta property=\"og:url\" content=\"https:\/\/www.expo-wppmtl.ca\/en\/the-17th-edition-of-the-world-press-photo-montreal-expo-pays-tribute-to-quebec\/\" \/>\n<meta property=\"og:site_name\" content=\"World Press Photo Montr\u00e9al 2026\" \/>\n<meta property=\"article:published_time\" content=\"2024-09-02T08:40:41+00:00\" \/>\n<meta property=\"article:modified_time\" content=\"2026-03-17T17:32:28+00:00\" \/>\n<meta property=\"og:image\" content=\"https:\/\/www.expo-wppmtl.ca\/wp-content\/uploads\/2024\/06\/EXPOS_Picture1.png\" \/>\n\t<meta property=\"og:image:width\" content=\"800\" \/>\n\t<meta property=\"og:image:height\" content=\"335\" \/>\n\t<meta property=\"og:image:type\" content=\"image\/png\" \/>\n<meta name=\"author\" content=\"infowppmtl\" \/>\n<meta name=\"twitter:card\" content=\"summary_large_image\" \/>\n<meta name=\"twitter:label1\" content=\"Written by\" \/>\n\t<meta name=\"twitter:data1\" content=\"infowppmtl\" \/>\n\t<meta name=\"twitter:label2\" content=\"Est. reading time\" \/>\n\t<meta name=\"twitter:data2\" content=\"4 minutes\" \/>\n<script type=\"application\/ld+json\" class=\"yoast-schema-graph\">{\"@context\":\"https:\\\/\\\/schema.org\",\"@graph\":[{\"@type\":\"Article\",\"@id\":\"https:\\\/\\\/www.expo-wppmtl.ca\\\/en\\\/the-17th-edition-of-the-world-press-photo-montreal-expo-pays-tribute-to-quebec\\\/#article\",\"isPartOf\":{\"@id\":\"https:\\\/\\\/www.expo-wppmtl.ca\\\/en\\\/the-17th-edition-of-the-world-press-photo-montreal-expo-pays-tribute-to-quebec\\\/\"},\"author\":{\"name\":\"infowppmtl\",\"@id\":\"https:\\\/\\\/www.expo-wppmtl.ca\\\/#\\\/schema\\\/person\\\/34941542e635c109d5aed2b70b0f8b8b\"},\"headline\":\"The 17th edition of the World Press Photo Montreal Expo pays tribute to Quebec [2024]\",\"datePublished\":\"2024-09-02T08:40:41+00:00\",\"dateModified\":\"2026-03-17T17:32:28+00:00\",\"mainEntityOfPage\":{\"@id\":\"https:\\\/\\\/www.expo-wppmtl.ca\\\/en\\\/the-17th-edition-of-the-world-press-photo-montreal-expo-pays-tribute-to-quebec\\\/\"},\"wordCount\":849,\"image\":{\"@id\":\"https:\\\/\\\/www.expo-wppmtl.ca\\\/en\\\/the-17th-edition-of-the-world-press-photo-montreal-expo-pays-tribute-to-quebec\\\/#primaryimage\"},\"thumbnailUrl\":\"https:\\\/\\\/www.expo-wppmtl.ca\\\/wp-content\\\/uploads\\\/2024\\\/06\\\/EXPOS_Picture1.png\",\"articleSection\":[\"Communiqu\u00e9s\",\"Press Releases\"],\"inLanguage\":\"en-US\"},{\"@type\":\"WebPage\",\"@id\":\"https:\\\/\\\/www.expo-wppmtl.ca\\\/en\\\/the-17th-edition-of-the-world-press-photo-montreal-expo-pays-tribute-to-quebec\\\/\",\"url\":\"https:\\\/\\\/www.expo-wppmtl.ca\\\/en\\\/the-17th-edition-of-the-world-press-photo-montreal-expo-pays-tribute-to-quebec\\\/\",\"name\":\"Expo World Press Photo Montr\u00e9al 2024 |\",\"isPartOf\":{\"@id\":\"https:\\\/\\\/www.expo-wppmtl.ca\\\/#website\"},\"primaryImageOfPage\":{\"@id\":\"https:\\\/\\\/www.expo-wppmtl.ca\\\/en\\\/the-17th-edition-of-the-world-press-photo-montreal-expo-pays-tribute-to-quebec\\\/#primaryimage\"},\"image\":{\"@id\":\"https:\\\/\\\/www.expo-wppmtl.ca\\\/en\\\/the-17th-edition-of-the-world-press-photo-montreal-expo-pays-tribute-to-quebec\\\/#primaryimage\"},\"thumbnailUrl\":\"https:\\\/\\\/www.expo-wppmtl.ca\\\/wp-content\\\/uploads\\\/2024\\\/06\\\/EXPOS_Picture1.png\",\"datePublished\":\"2024-09-02T08:40:41+00:00\",\"dateModified\":\"2026-03-17T17:32:28+00:00\",\"author\":{\"@id\":\"https:\\\/\\\/www.expo-wppmtl.ca\\\/#\\\/schema\\\/person\\\/34941542e635c109d5aed2b70b0f8b8b\"},\"description\":\"Le photographe documentaire Charles-Fr\u00e9d\u00e9rick Ouellet fait partie des laur\u00e9ats de la r\u00e9gion Am\u00e9rique du Nord et Centrale, dans la cat\u00e9gorie Images seules.\",\"breadcrumb\":{\"@id\":\"https:\\\/\\\/www.expo-wppmtl.ca\\\/en\\\/the-17th-edition-of-the-world-press-photo-montreal-expo-pays-tribute-to-quebec\\\/#breadcrumb\"},\"inLanguage\":\"en-US\",\"potentialAction\":[{\"@type\":\"ReadAction\",\"target\":[\"https:\\\/\\\/www.expo-wppmtl.ca\\\/en\\\/the-17th-edition-of-the-world-press-photo-montreal-expo-pays-tribute-to-quebec\\\/\"]}]},{\"@type\":\"ImageObject\",\"inLanguage\":\"en-US\",\"@id\":\"https:\\\/\\\/www.expo-wppmtl.ca\\\/en\\\/the-17th-edition-of-the-world-press-photo-montreal-expo-pays-tribute-to-quebec\\\/#primaryimage\",\"url\":\"https:\\\/\\\/www.expo-wppmtl.ca\\\/wp-content\\\/uploads\\\/2024\\\/06\\\/EXPOS_Picture1.png\",\"contentUrl\":\"https:\\\/\\\/www.expo-wppmtl.ca\\\/wp-content\\\/uploads\\\/2024\\\/06\\\/EXPOS_Picture1.png\"},{\"@type\":\"BreadcrumbList\",\"@id\":\"https:\\\/\\\/www.expo-wppmtl.ca\\\/en\\\/the-17th-edition-of-the-world-press-photo-montreal-expo-pays-tribute-to-quebec\\\/#breadcrumb\",\"itemListElement\":[{\"@type\":\"ListItem\",\"position\":1,\"name\":\"Home\",\"item\":\"https:\\\/\\\/www.expo-wppmtl.ca\\\/en\\\/\"},{\"@type\":\"ListItem\",\"position\":2,\"name\":\"The 17th edition of the World Press Photo Montreal Expo pays tribute to Quebec [2024]\"}]},{\"@type\":\"WebSite\",\"@id\":\"https:\\\/\\\/www.expo-wppmtl.ca\\\/#website\",\"url\":\"https:\\\/\\\/www.expo-wppmtl.ca\\\/\",\"name\":\"World Press Photo Montr\u00e9al 2026\",\"description\":\"\",\"potentialAction\":[{\"@type\":\"SearchAction\",\"target\":{\"@type\":\"EntryPoint\",\"urlTemplate\":\"https:\\\/\\\/www.expo-wppmtl.ca\\\/?s={search_term_string}\"},\"query-input\":{\"@type\":\"PropertyValueSpecification\",\"valueRequired\":true,\"valueName\":\"search_term_string\"}}],\"inLanguage\":\"en-US\"},{\"@type\":\"Person\",\"@id\":\"https:\\\/\\\/www.expo-wppmtl.ca\\\/#\\\/schema\\\/person\\\/34941542e635c109d5aed2b70b0f8b8b\",\"name\":\"infowppmtl\"}]}<\/script>\n<!-- \/ Yoast SEO plugin. -->","yoast_head_json":{"title":"Expo World Press Photo Montr\u00e9al 2024 |","description":"Le photographe documentaire Charles-Fr\u00e9d\u00e9rick Ouellet fait partie des laur\u00e9ats de la r\u00e9gion Am\u00e9rique du Nord et Centrale, dans la cat\u00e9gorie Images seules.","robots":{"index":"index","follow":"follow","max-snippet":"max-snippet:-1","max-image-preview":"max-image-preview:large","max-video-preview":"max-video-preview:-1"},"canonical":"https:\/\/www.expo-wppmtl.ca\/en\/the-17th-edition-of-the-world-press-photo-montreal-expo-pays-tribute-to-quebec\/","og_locale":"en_US","og_type":"article","og_title":"Expo World Press Photo Montr\u00e9al 2024 |","og_description":"Le photographe documentaire Charles-Fr\u00e9d\u00e9rick Ouellet fait partie des laur\u00e9ats de la r\u00e9gion Am\u00e9rique du Nord et Centrale, dans la cat\u00e9gorie Images seules.","og_url":"https:\/\/www.expo-wppmtl.ca\/en\/the-17th-edition-of-the-world-press-photo-montreal-expo-pays-tribute-to-quebec\/","og_site_name":"World Press Photo Montr\u00e9al 2026","article_published_time":"2024-09-02T08:40:41+00:00","article_modified_time":"2026-03-17T17:32:28+00:00","og_image":[{"width":800,"height":335,"url":"https:\/\/www.expo-wppmtl.ca\/wp-content\/uploads\/2024\/06\/EXPOS_Picture1.png","type":"image\/png"}],"author":"infowppmtl","twitter_card":"summary_large_image","twitter_misc":{"Written by":"infowppmtl","Est. reading time":"4 minutes"},"schema":{"@context":"https:\/\/schema.org","@graph":[{"@type":"Article","@id":"https:\/\/www.expo-wppmtl.ca\/en\/the-17th-edition-of-the-world-press-photo-montreal-expo-pays-tribute-to-quebec\/#article","isPartOf":{"@id":"https:\/\/www.expo-wppmtl.ca\/en\/the-17th-edition-of-the-world-press-photo-montreal-expo-pays-tribute-to-quebec\/"},"author":{"name":"infowppmtl","@id":"https:\/\/www.expo-wppmtl.ca\/#\/schema\/person\/34941542e635c109d5aed2b70b0f8b8b"},"headline":"The 17th edition of the World Press Photo Montreal Expo pays tribute to Quebec [2024]","datePublished":"2024-09-02T08:40:41+00:00","dateModified":"2026-03-17T17:32:28+00:00","mainEntityOfPage":{"@id":"https:\/\/www.expo-wppmtl.ca\/en\/the-17th-edition-of-the-world-press-photo-montreal-expo-pays-tribute-to-quebec\/"},"wordCount":849,"image":{"@id":"https:\/\/www.expo-wppmtl.ca\/en\/the-17th-edition-of-the-world-press-photo-montreal-expo-pays-tribute-to-quebec\/#primaryimage"},"thumbnailUrl":"https:\/\/www.expo-wppmtl.ca\/wp-content\/uploads\/2024\/06\/EXPOS_Picture1.png","articleSection":["Communiqu\u00e9s","Press Releases"],"inLanguage":"en-US"},{"@type":"WebPage","@id":"https:\/\/www.expo-wppmtl.ca\/en\/the-17th-edition-of-the-world-press-photo-montreal-expo-pays-tribute-to-quebec\/","url":"https:\/\/www.expo-wppmtl.ca\/en\/the-17th-edition-of-the-world-press-photo-montreal-expo-pays-tribute-to-quebec\/","name":"Expo World Press Photo Montr\u00e9al 2024 |","isPartOf":{"@id":"https:\/\/www.expo-wppmtl.ca\/#website"},"primaryImageOfPage":{"@id":"https:\/\/www.expo-wppmtl.ca\/en\/the-17th-edition-of-the-world-press-photo-montreal-expo-pays-tribute-to-quebec\/#primaryimage"},"image":{"@id":"https:\/\/www.expo-wppmtl.ca\/en\/the-17th-edition-of-the-world-press-photo-montreal-expo-pays-tribute-to-quebec\/#primaryimage"},"thumbnailUrl":"https:\/\/www.expo-wppmtl.ca\/wp-content\/uploads\/2024\/06\/EXPOS_Picture1.png","datePublished":"2024-09-02T08:40:41+00:00","dateModified":"2026-03-17T17:32:28+00:00","author":{"@id":"https:\/\/www.expo-wppmtl.ca\/#\/schema\/person\/34941542e635c109d5aed2b70b0f8b8b"},"description":"Le photographe documentaire Charles-Fr\u00e9d\u00e9rick Ouellet fait partie des laur\u00e9ats de la r\u00e9gion Am\u00e9rique du Nord et Centrale, dans la cat\u00e9gorie Images seules.","breadcrumb":{"@id":"https:\/\/www.expo-wppmtl.ca\/en\/the-17th-edition-of-the-world-press-photo-montreal-expo-pays-tribute-to-quebec\/#breadcrumb"},"inLanguage":"en-US","potentialAction":[{"@type":"ReadAction","target":["https:\/\/www.expo-wppmtl.ca\/en\/the-17th-edition-of-the-world-press-photo-montreal-expo-pays-tribute-to-quebec\/"]}]},{"@type":"ImageObject","inLanguage":"en-US","@id":"https:\/\/www.expo-wppmtl.ca\/en\/the-17th-edition-of-the-world-press-photo-montreal-expo-pays-tribute-to-quebec\/#primaryimage","url":"https:\/\/www.expo-wppmtl.ca\/wp-content\/uploads\/2024\/06\/EXPOS_Picture1.png","contentUrl":"https:\/\/www.expo-wppmtl.ca\/wp-content\/uploads\/2024\/06\/EXPOS_Picture1.png"},{"@type":"BreadcrumbList","@id":"https:\/\/www.expo-wppmtl.ca\/en\/the-17th-edition-of-the-world-press-photo-montreal-expo-pays-tribute-to-quebec\/#breadcrumb","itemListElement":[{"@type":"ListItem","position":1,"name":"Home","item":"https:\/\/www.expo-wppmtl.ca\/en\/"},{"@type":"ListItem","position":2,"name":"The 17th edition of the World Press Photo Montreal Expo pays tribute to Quebec [2024]"}]},{"@type":"WebSite","@id":"https:\/\/www.expo-wppmtl.ca\/#website","url":"https:\/\/www.expo-wppmtl.ca\/","name":"World Press Photo Montr\u00e9al 2026","description":"","potentialAction":[{"@type":"SearchAction","target":{"@type":"EntryPoint","urlTemplate":"https:\/\/www.expo-wppmtl.ca\/?s={search_term_string}"},"query-input":{"@type":"PropertyValueSpecification","valueRequired":true,"valueName":"search_term_string"}}],"inLanguage":"en-US"},{"@type":"Person","@id":"https:\/\/www.expo-wppmtl.ca\/#\/schema\/person\/34941542e635c109d5aed2b70b0f8b8b","name":"infowppmtl"}]}},"_links":{"self":[{"href":"https:\/\/www.expo-wppmtl.ca\/en\/wp-json\/wp\/v2\/posts\/18626","targetHints":{"allow":["GET"]}}],"collection":[{"href":"https:\/\/www.expo-wppmtl.ca\/en\/wp-json\/wp\/v2\/posts"}],"about":[{"href":"https:\/\/www.expo-wppmtl.ca\/en\/wp-json\/wp\/v2\/types\/post"}],"author":[{"embeddable":true,"href":"https:\/\/www.expo-wppmtl.ca\/en\/wp-json\/wp\/v2\/users\/1"}],"replies":[{"embeddable":true,"href":"https:\/\/www.expo-wppmtl.ca\/en\/wp-json\/wp\/v2\/comments?post=18626"}],"version-history":[{"count":5,"href":"https:\/\/www.expo-wppmtl.ca\/en\/wp-json\/wp\/v2\/posts\/18626\/revisions"}],"predecessor-version":[{"id":19963,"href":"https:\/\/www.expo-wppmtl.ca\/en\/wp-json\/wp\/v2\/posts\/18626\/revisions\/19963"}],"wp:attachment":[{"href":"https:\/\/www.expo-wppmtl.ca\/en\/wp-json\/wp\/v2\/media?parent=18626"}],"wp:term":[{"taxonomy":"category","embeddable":true,"href":"https:\/\/www.expo-wppmtl.ca\/en\/wp-json\/wp\/v2\/categories?post=18626"},{"taxonomy":"post_tag","embeddable":true,"href":"https:\/\/www.expo-wppmtl.ca\/en\/wp-json\/wp\/v2\/tags?post=18626"}],"curies":[{"name":"wp","href":"https:\/\/api.w.org\/{rel}","templated":true}]}}